{"id":80534,"date":"2023-03-02T13:01:34","date_gmt":"2023-03-02T12:01:34","guid":{"rendered":"https:\/\/testa-omega3.com\/?p=80534"},"modified":"2023-03-02T13:01:36","modified_gmt":"2023-03-02T12:01:36","slug":"wir-feiern-den-global-omega-3-day","status":"publish","type":"post","link":"https:\/\/testa-omega3.com\/de\/blog\/wir-feiern-den-global-omega-3-day\/","title":{"rendered":"Wir feiern den Global Omega-3 Day!"},"content":{"rendered":"\t\t<div class=\"content-module intro\">\n\t\t\t<div class=\"inner cf\">\n\t\t\t\t<div class=\"column\">\n\t\t\t\t\t<h1>Wir feiern den Global Omega-3 Day!<\/h1>\n<p><span style=\"font-weight: 400;\">Der 3. M\u00e4rz 2023 ist der Global Omega-3 Day\u00e2\u201e\u00a2, ein wichtiger j\u00e4hrlicher Meilenstein, um die Aufmerksamkeit auf die EPA- und DHA-Omega-3-Fetts\u00e4uren zu lenken. Dabei geht es um die wichtigsten Vorteile f\u00fcr unsere Gesundheit und darum, warum die Menschen ihre Aufnahme erh\u00f6hen sollten. Und das ist auch dringend notwendig, denn 80 % der Menschen weltweit nehmen nicht gen\u00fcgend EPA- und DHA-Omega-3-Fetts\u00e4uren zu sich (in den USA sind es sogar \u00fcber 95 %).<\/span><\/p>\n<p>&nbsp;<\/p>\n<p><img loading=\"lazy\" decoding=\"async\" class=\"alignnone wp-image-80490 size-full\" src=\"https:\/\/testa-omega3.com\/wp-content\/uploads\/2023\/03\/Global-Omega-3-Day-promo-code-banner.png\" alt=\"Global Omega-3 Day\" width=\"650\" height=\"325\" srcset=\"https:\/\/testa-omega3.com\/wp-content\/uploads\/2023\/03\/Global-Omega-3-Day-promo-code-banner.png 650w, https:\/\/testa-omega3.com\/wp-content\/uploads\/2023\/03\/Global-Omega-3-Day-promo-code-banner-300x150.png 300w, https:\/\/testa-omega3.com\/wp-content\/uploads\/2023\/03\/Global-Omega-3-Day-promo-code-banner-600x300.png 600w\" sizes=\"auto, (max-width: 650px) 100vw, 650px\" \/><\/p>\n<p>&nbsp;<\/p>\n<h2><span style=\"font-weight: 400;\">EPA und DHA Omega-3: Was Sie wissen m\u00fcssen<\/span><\/h2>\n<p><span style=\"font-weight: 400;\">Es gibt einige wenige N\u00e4hrstoffe, die in jeder Zelle unseres K\u00f6rpers vorkommen und uns helfen, optimal zu funktionieren: die Omega-3-Fetts\u00e4uren EPA und DHA. Das Problem ist, dass 80 % der Menschen weltweit nicht genug von diesen N\u00e4hrstoffen zu sich nehmen. Am Welt-Omega-3-Tag wollen wir diese wichtigen N\u00e4hrstoffe ins Rampenlicht r\u00fccken und zeigen, warum wir sie brauchen.\u00c2\u00a0<\/span><\/p>\n<p>&nbsp;<\/p>\n<h2><span style=\"font-weight: 400;\">Was ist Omega-3?<\/span><\/h2>\n<p><span style=\"font-weight: 400;\">Bei Omega-3 handelt es sich um mehrfach unges\u00e4ttigte Fetts\u00e4uren. Es gibt drei Haupttypen von Omega-3-Fetts\u00e4uren, die wir \u00fcber die Nahrung aufnehmen: EPA, DHA und ALA. EPA und DHA kommen nat\u00fcrlich in Meeresprodukten wie fettem Fisch und Mikroalgen vor, w\u00e4hrend ALA oder Alpha-Linolens\u00e4ure in pflanzlichen Lebensmitteln wie Waln\u00fcssen, Leinsamen und Chiasamen enthalten ist. Es ist leicht, alle Omega-3-Fetts\u00e4uren in einen Topf zu werfen, aber ALA hat nicht die gleichen gesundheitlichen Auswirkungen wie EPA und DHA.<\/span><\/p>\n<p>&nbsp;<\/p>\n<h2><span style=\"font-weight: 400;\">Warum nehmen die Menschen nicht genug zu sich?<\/span><\/h2>\n<p><span style=\"font-weight: 400;\">Die meisten Menschen essen im Rahmen ihrer t\u00e4glichen oder w\u00f6chentlichen Ern\u00e4hrung nicht genug Fisch. Und selbst wenn sie es tun, w\u00e4hlen sie vielleicht nicht die Quellen mit dem h\u00f6chsten Omega-3-Gehalt. Lachs, Sardellen, Sardinen und andere fette Fische enthalten die meisten Omega-3-Fetts\u00e4uren in Form von EPA und DHA. Tilapia, Garnelen und andere Fische sind gute Quellen f\u00fcr Eiwei\u00df und andere N\u00e4hrstoffe, aber nicht f\u00fcr Omega-3. Eine t\u00e4gliche Erg\u00e4nzung wie Algen\u00f6l (vegetarisches EPA\/DHA) hilft, das N\u00e4hrstoffdefizit auszugleichen.<\/span><\/p>\n<p><span style=\"font-weight: 400;\">Die Omega-3-Aufnahme aus pflanzlichen Quellen liefert in der Regel nur ALA. Obwohl der K\u00f6rper in der Lage ist, ALA in EPA und DHA umzuwandeln, ist dieser Prozess nicht sehr effizient. Daher ist es wichtig, EPA und DHA direkt aus Nahrungsquellen oder Nahrungserg\u00e4nzungsmitteln zu beziehen.<\/span><\/p>\n<p>&nbsp;<\/p>\n<h2><span style=\"font-weight: 400;\">Warum Sie EPA und DHA brauchen<\/span><\/h2>\n<p><span style=\"font-weight: 400;\">Die Omega-3-Fetts\u00e4uren EPA und DHA geh\u00f6ren zu den am besten untersuchten N\u00e4hrstoffen, zu denen mehr als 45 000 Artikel ver\u00f6ffentlicht wurden. Die \u00fcberw\u00e4ltigenden Beweise, die sich auf klinische Studien am Menschen st\u00fctzen, deuten darauf hin, dass EPA und DHA f\u00fcr die Gesundheit von Herz, Gehirn und Augen w\u00e4hrend des gesamten Lebens sowie f\u00fcr die pr\u00e4natale Gesundheit bzw. die Gesundheit von M\u00fcttern n\u00fctzlich sind, einschlie\u00dflich der Unterst\u00fctzung einer gesunden Schwangerschaft und der fr\u00fchkindlichen Entwicklung.\u00c2\u00a0<\/span><\/p>\n<p>&nbsp;<\/p>\n<h2><span style=\"font-weight: 400;\">Erh\u00f6hen Sie Ihre Aufnahme von EPA und DHA<\/span><\/h2>\n<p><span style=\"font-weight: 400;\">Nehmen Sie sich am Welt-Omega-3-Tag vor, Ihren Omega-3-Index zu erh\u00f6hen. Sie k\u00f6nnen dies auf verschiedene Weise tun:<\/span><\/p>\n<ul>\n<li><span style=\"font-weight: 400;\">Beginnen Sie mit einer EPA\/DHA-Omega-3-Erg\u00e4nzungskur. Es gibt viele verschiedene Arten von Nahrungserg\u00e4nzungsmitteln: Fisch, (veganer) Krill oder Algen, als Softgel, Fl\u00fcssigkeit oder Kautabletten. Finden Sie die beste Art f\u00fcr Ihre Gesundheit, und bleiben Sie dabei! Wir empfehlen Algen\u00f6l, die reinste Form von Omega-3, die frei von Toxinen und rein pflanzlich ist.\u00c2\u00a0<\/span><\/li>\n<li><span style=\"font-weight: 400;\">Wenn Sie bereits ein Omega-3-Pr\u00e4parat einnehmen, sollten Sie Ihre Dosis erh\u00f6hen. GOED (<a href=\"https:\/\/goedomega3.com\/\">Global Organisation for EPA and DHA Omega-3s<\/a>) empfiehlt mindestens 500 mg pro Tag f\u00fcr die allgemeine Gesundheit. Wenn Sie herzkrank sind, schwanger sind oder stillen, ben\u00f6tigen Sie m\u00f6glicherweise mehr. Sowohl die U.S. Food and Drug Administration (FDA) als auch die Europ\u00e4ische Beh\u00f6rde f\u00fcr Lebensmittelsicherheit (EFSA) halten Nahrungserg\u00e4nzungen bis zu 5 Gramm (5000 mg) pro Tag f\u00fcr sicher.<\/span><\/li>\n<\/ul>\n<p>Sie fragen sich, wie es um Ihren Omega-3-Index bestellt ist? Das k\u00f6nnen Sie mit einem Test von OmegaQuant herausfinden!<\/p>\n\t\t\t\t<\/div><!--end of column-->\n\t\t\t<\/div><!--end of inner-->\n\t\t<\/div><!--end of content-module-->\n\n\n<div class=\"products-overview-module  \">\n\n\n    <div class=\"inner cf\">\n        <div class=\"filters-wrap\">\n            <div class=\"options-wrap\">\n                <h4>Keuzehulp<\/h4>\n                <div class=\"select-option\">\n                    <select>\n                        <option>Man of vrouw<\/option>\n                        <option>Man of vrouw<\/option>\n                        <option>Man of vrouw<\/option>\n                    <\/select>\n                <\/div>\n                <!--end of select-option-->\n\n                <div class=\"select-option\">\n                    <select>\n                        <option>Leeftijd<\/option>\n                        <option>Leeftijd<\/option>\n                        <option>Leeftijd<\/option>\n                    <\/select>\n                <\/div>\n                <!--end of select-option-->\n\n                <div class=\"select-option\">\n                    <select>\n                        <option>Hoe vaak eet je vis<\/option>\n                        <option>Hoe vaak eet je vis<\/option>\n                        <option>Hoe vaak eet je vis<\/option>\n                    <\/select>\n                <\/div>\n                <!--end of select-option-->\n            <\/div>\n            <!--end of options-wrap-->\n\n            <div class=\"options-wrap\">\n                <h5>Slik je gemakkelijk capsules?<\/h5>\n                <div class=\"select-option\">\n                    <select>\n                        <option>ja\/nee<\/option>\n                        <option>ja\/nee<\/option>\n                        <option>ja\/nee<\/option>\n                    <\/select>\n                <\/div>\n                <!--end of select-option-->\n            <\/div>\n            <!--end of options-wrap-->\n\n            <div class=\"options-wrap\">\n                <h5>Zwanger?<\/h5>\n                <div class=\"select-option\">\n                    <select>\n                        <option>Plannend<\/option>\n                        <option>Plannend<\/option>\n                        <option>Plannend<\/option>\n                    <\/select>\n                <\/div>\n                <!--end of select-option-->\n            <\/div>\n            <!--end of options-wrap-->\n        <\/div>\n        <!--end of filters-wrap-->\n        <div class=\"products-wrap\">\n\n                    <div class=\"product\">\r\n\r\n            <div class=\"text-wrap\">\r\n                <h6><a href=\"https:\/\/testa-omega3.com\/de\/produkt\/omega-3-6-index-selbsttest\/\">Selbsttest des Omega-3-Index<\/a><\/h6>\r\n\r\n                <p class=\"description\">Messen Sie selbst den Gehalt an Omega-3- und Omega-6-Fetts\u00e4uren in Ihrem Blut.<\/p>\r\n                                \r\n                <div class=\"btn-wrap\">\r\n                                            <div class=\"btn style-3\">\r\n                            <a href=\"https:\/\/testa-omega3.com\/de\/produkt\/omega-3-6-index-selbsttest\/\">Mehr erfahren<\/a>\r\n                        <\/div>\r\n                    \r\n\r\n                <\/div>\r\n\r\n            <\/div>\r\n            <!--end of text-wrap-->\r\n                            <div class=\"img-wrap\">\r\n                    <span class=\"spacer\">&nbsp;<\/span>\r\n                    <img decoding=\"async\" src=\"https:\/\/testa-omega3.com\/wp-content\/uploads\/2022\/07\/Testa-UK-Testkit-web-1080-kl.png\" \/>\r\n                <\/div>\r\n                <!--end of img-wrap-->\r\n                        <div class=\"btn cta default-red\">\r\n                <a href=\"https:\/\/testa-omega3.com\/de\/produkt\/omega-3-6-index-selbsttest\/\">Jetzt kaufen<\/a>\r\n            <\/div>\r\n            <!-- <a href=\"https:\/\/testa-omega3.com\/de\/produkt\/omega-3-6-index-selbsttest\/\" class=\"full-link\"><\/a> -->\r\n        <\/div>\r\n        <!--end of product-->\r\n    \n        <\/div>\n        <!--end of products-wrap-->\n    <\/div>\n    <!--end of inner-->\n<\/div>\n<!--end of products-overview-module-->\n\n","protected":false},"excerpt":{"rendered":"","protected":false},"author":24296,"featured_media":80487,"comment_status":"open","ping_status":"open","sticky":false,"template":"","format":"standard","meta":{"_acf_changed":false,"footnotes":""},"categories":[133],"tags":[],"class_list":["post-80534","post","type-post","status-publish","format-standard","has-post-thumbnail","hentry","category-news-fr-de"],"acf":[],"yoast_head":"<!-- This site is optimized with the Yoast SEO plugin v26.0 - https:\/\/yoast.com\/wordpress\/plugins\/seo\/ -->\n<title>Wir feiern den Global Omega-3 Day! - Testa<\/title>\n<meta name=\"description\" content=\"Der 3. M\u00e4rz 2023 ist der Global Omega-3 Day\u00e2\u201e\u00a2, ein wichtiger j\u00e4hrlicher Meilenstein, um die Aufmerksamkeit auf die EPA- und DHA-Omega-3-Fetts\u00e4uren zu lenken.\" \/>\n<meta name=\"robots\" content=\"index, follow, max-snippet:-1, max-image-preview:large, max-video-preview:-1\" \/>\n<link rel=\"canonical\" href=\"https:\/\/testa-omega3.com\/de\/blog\/wir-feiern-den-global-omega-3-day\/\" \/>\n<meta property=\"og:locale\" content=\"de_DE\" \/>\n<meta property=\"og:type\" content=\"article\" \/>\n<meta property=\"og:title\" content=\"Wir feiern den Global Omega-3 Day! - Testa\" \/>\n<meta property=\"og:description\" content=\"Der 3. M\u00e4rz 2023 ist der Global Omega-3 Day\u00e2\u201e\u00a2, ein wichtiger j\u00e4hrlicher Meilenstein, um die Aufmerksamkeit auf die EPA- und DHA-Omega-3-Fetts\u00e4uren zu lenken.\" \/>\n<meta property=\"og:url\" content=\"https:\/\/testa-omega3.com\/de\/blog\/wir-feiern-den-global-omega-3-day\/\" \/>\n<meta property=\"og:site_name\" content=\"Testa\" \/>\n<meta property=\"article:publisher\" content=\"https:\/\/www.facebook.com\/TestaOmega3\/\" \/>\n<meta property=\"article:published_time\" content=\"2023-03-02T12:01:34+00:00\" \/>\n<meta property=\"article:modified_time\" content=\"2023-03-02T12:01:36+00:00\" \/>\n<meta property=\"og:image\" content=\"https:\/\/testa-omega3.com\/wp-content\/uploads\/2023\/03\/Global-Omega-3-Day-promo-code-banner.png\" \/>\n\t<meta property=\"og:image:width\" content=\"650\" \/>\n\t<meta property=\"og:image:height\" content=\"325\" \/>\n\t<meta property=\"og:image:type\" content=\"image\/png\" \/>\n<meta name=\"author\" content=\"Sander Groot\" \/>\n<meta name=\"twitter:card\" content=\"summary_large_image\" \/>\n<meta name=\"twitter:creator\" content=\"@testaomega3\" \/>\n<meta name=\"twitter:site\" content=\"@testaomega3\" \/>\n<script type=\"application\/ld+json\" class=\"yoast-schema-graph\">{\"@context\":\"https:\/\/schema.org\",\"@graph\":[{\"@type\":\"Article\",\"@id\":\"https:\/\/testa-omega3.com\/de\/blog\/wir-feiern-den-global-omega-3-day\/#article\",\"isPartOf\":{\"@id\":\"https:\/\/testa-omega3.com\/de\/blog\/wir-feiern-den-global-omega-3-day\/\"},\"author\":{\"name\":\"Sander Groot\",\"@id\":\"https:\/\/testa-omega3.com\/de\/#\/schema\/person\/8be3703a2529a4cd64b24db9d7f9bffe\"},\"headline\":\"Wir feiern den Global Omega-3 Day!\",\"datePublished\":\"2023-03-02T12:01:34+00:00\",\"dateModified\":\"2023-03-02T12:01:36+00:00\",\"mainEntityOfPage\":{\"@id\":\"https:\/\/testa-omega3.com\/de\/blog\/wir-feiern-den-global-omega-3-day\/\"},\"wordCount\":6,\"commentCount\":0,\"publisher\":{\"@id\":\"https:\/\/testa-omega3.com\/de\/#organization\"},\"image\":{\"@id\":\"https:\/\/testa-omega3.com\/de\/blog\/wir-feiern-den-global-omega-3-day\/#primaryimage\"},\"thumbnailUrl\":\"https:\/\/testa-omega3.com\/wp-content\/uploads\/2023\/03\/Global-Omega-3-Day-promo-code-banner.png\",\"articleSection\":[\"News\"],\"inLanguage\":\"de\",\"potentialAction\":[{\"@type\":\"CommentAction\",\"name\":\"Comment\",\"target\":[\"https:\/\/testa-omega3.com\/de\/blog\/wir-feiern-den-global-omega-3-day\/#respond\"]}]},{\"@type\":\"WebPage\",\"@id\":\"https:\/\/testa-omega3.com\/de\/blog\/wir-feiern-den-global-omega-3-day\/\",\"url\":\"https:\/\/testa-omega3.com\/de\/blog\/wir-feiern-den-global-omega-3-day\/\",\"name\":\"Wir feiern den Global Omega-3 Day! - Testa\",\"isPartOf\":{\"@id\":\"https:\/\/testa-omega3.com\/de\/#website\"},\"primaryImageOfPage\":{\"@id\":\"https:\/\/testa-omega3.com\/de\/blog\/wir-feiern-den-global-omega-3-day\/#primaryimage\"},\"image\":{\"@id\":\"https:\/\/testa-omega3.com\/de\/blog\/wir-feiern-den-global-omega-3-day\/#primaryimage\"},\"thumbnailUrl\":\"https:\/\/testa-omega3.com\/wp-content\/uploads\/2023\/03\/Global-Omega-3-Day-promo-code-banner.png\",\"datePublished\":\"2023-03-02T12:01:34+00:00\",\"dateModified\":\"2023-03-02T12:01:36+00:00\",\"description\":\"Der 3. M\u00e4rz 2023 ist der Global Omega-3 Day\u00e2\u201e\u00a2, ein wichtiger j\u00e4hrlicher Meilenstein, um die Aufmerksamkeit auf die EPA- und DHA-Omega-3-Fetts\u00e4uren zu lenken.\",\"breadcrumb\":{\"@id\":\"https:\/\/testa-omega3.com\/de\/blog\/wir-feiern-den-global-omega-3-day\/#breadcrumb\"},\"inLanguage\":\"de\",\"potentialAction\":[{\"@type\":\"ReadAction\",\"target\":[\"https:\/\/testa-omega3.com\/de\/blog\/wir-feiern-den-global-omega-3-day\/\"]}]},{\"@type\":\"ImageObject\",\"inLanguage\":\"de\",\"@id\":\"https:\/\/testa-omega3.com\/de\/blog\/wir-feiern-den-global-omega-3-day\/#primaryimage\",\"url\":\"https:\/\/testa-omega3.com\/wp-content\/uploads\/2023\/03\/Global-Omega-3-Day-promo-code-banner.png\",\"contentUrl\":\"https:\/\/testa-omega3.com\/wp-content\/uploads\/2023\/03\/Global-Omega-3-Day-promo-code-banner.png\",\"width\":650,\"height\":325,\"caption\":\"Global Omega-3 Day\"},{\"@type\":\"BreadcrumbList\",\"@id\":\"https:\/\/testa-omega3.com\/de\/blog\/wir-feiern-den-global-omega-3-day\/#breadcrumb\",\"itemListElement\":[{\"@type\":\"ListItem\",\"position\":1,\"name\":\"Home\",\"item\":\"https:\/\/testa-omega3.com\/de\/\"},{\"@type\":\"ListItem\",\"position\":2,\"name\":\"Wir feiern den Global Omega-3 Day!\"}]},{\"@type\":\"WebSite\",\"@id\":\"https:\/\/testa-omega3.com\/de\/#website\",\"url\":\"https:\/\/testa-omega3.com\/de\/\",\"name\":\"Testa\",\"description\":\"Omega-3 Algenolie!\",\"publisher\":{\"@id\":\"https:\/\/testa-omega3.com\/de\/#organization\"},\"potentialAction\":[{\"@type\":\"SearchAction\",\"target\":{\"@type\":\"EntryPoint\",\"urlTemplate\":\"https:\/\/testa-omega3.com\/de\/?s={search_term_string}\"},\"query-input\":{\"@type\":\"PropertyValueSpecification\",\"valueRequired\":true,\"valueName\":\"search_term_string\"}}],\"inLanguage\":\"de\"},{\"@type\":\"Organization\",\"@id\":\"https:\/\/testa-omega3.com\/de\/#organization\",\"name\":\"Testa Omega-3\",\"url\":\"https:\/\/testa-omega3.com\/de\/\",\"logo\":{\"@type\":\"ImageObject\",\"inLanguage\":\"de\",\"@id\":\"https:\/\/testa-omega3.com\/de\/#\/schema\/logo\/image\/\",\"url\":\"https:\/\/testa-omega3.com\/wp-content\/uploads\/2021\/10\/testa-logo1.png\",\"contentUrl\":\"https:\/\/testa-omega3.com\/wp-content\/uploads\/2021\/10\/testa-logo1.png\",\"width\":121,\"height\":119,\"caption\":\"Testa Omega-3\"},\"image\":{\"@id\":\"https:\/\/testa-omega3.com\/de\/#\/schema\/logo\/image\/\"},\"sameAs\":[\"https:\/\/www.facebook.com\/TestaOmega3\/\",\"https:\/\/x.com\/testaomega3\",\"https:\/\/www.instagram.com\/testaomega3\/\",\"https:\/\/linkedin.com\/company\/testa-omega-3\"]},{\"@type\":\"Person\",\"@id\":\"https:\/\/testa-omega3.com\/de\/#\/schema\/person\/8be3703a2529a4cd64b24db9d7f9bffe\",\"name\":\"Sander Groot\",\"image\":{\"@type\":\"ImageObject\",\"inLanguage\":\"de\",\"@id\":\"https:\/\/testa-omega3.com\/de\/#\/schema\/person\/image\/\",\"url\":\"https:\/\/secure.gravatar.com\/avatar\/c47250722e4768fc84e0bf5bdfc82c4c411cf08442b07da3f2477bd3a907e015?s=96&d=mm&r=g\",\"contentUrl\":\"https:\/\/secure.gravatar.com\/avatar\/c47250722e4768fc84e0bf5bdfc82c4c411cf08442b07da3f2477bd3a907e015?s=96&d=mm&r=g\",\"caption\":\"Sander Groot\"},\"url\":\"https:\/\/testa-omega3.com\/de\/blog\/author\/sander\/\"}]}<\/script>\n<!-- \/ Yoast SEO plugin. -->","yoast_head_json":{"title":"Wir feiern den Global Omega-3 Day! - Testa","description":"Der 3. M\u00e4rz 2023 ist der Global Omega-3 Day\u00e2\u201e\u00a2, ein wichtiger j\u00e4hrlicher Meilenstein, um die Aufmerksamkeit auf die EPA- und DHA-Omega-3-Fetts\u00e4uren zu lenken.","robots":{"index":"index","follow":"follow","max-snippet":"max-snippet:-1","max-image-preview":"max-image-preview:large","max-video-preview":"max-video-preview:-1"},"canonical":"https:\/\/testa-omega3.com\/de\/blog\/wir-feiern-den-global-omega-3-day\/","og_locale":"de_DE","og_type":"article","og_title":"Wir feiern den Global Omega-3 Day! - Testa","og_description":"Der 3. M\u00e4rz 2023 ist der Global Omega-3 Day\u00e2\u201e\u00a2, ein wichtiger j\u00e4hrlicher Meilenstein, um die Aufmerksamkeit auf die EPA- und DHA-Omega-3-Fetts\u00e4uren zu lenken.","og_url":"https:\/\/testa-omega3.com\/de\/blog\/wir-feiern-den-global-omega-3-day\/","og_site_name":"Testa","article_publisher":"https:\/\/www.facebook.com\/TestaOmega3\/","article_published_time":"2023-03-02T12:01:34+00:00","article_modified_time":"2023-03-02T12:01:36+00:00","og_image":[{"width":650,"height":325,"url":"https:\/\/testa-omega3.com\/wp-content\/uploads\/2023\/03\/Global-Omega-3-Day-promo-code-banner.png","type":"image\/png"}],"author":"Sander Groot","twitter_card":"summary_large_image","twitter_creator":"@testaomega3","twitter_site":"@testaomega3","schema":{"@context":"https:\/\/schema.org","@graph":[{"@type":"Article","@id":"https:\/\/testa-omega3.com\/de\/blog\/wir-feiern-den-global-omega-3-day\/#article","isPartOf":{"@id":"https:\/\/testa-omega3.com\/de\/blog\/wir-feiern-den-global-omega-3-day\/"},"author":{"name":"Sander Groot","@id":"https:\/\/testa-omega3.com\/de\/#\/schema\/person\/8be3703a2529a4cd64b24db9d7f9bffe"},"headline":"Wir feiern den Global Omega-3 Day!","datePublished":"2023-03-02T12:01:34+00:00","dateModified":"2023-03-02T12:01:36+00:00","mainEntityOfPage":{"@id":"https:\/\/testa-omega3.com\/de\/blog\/wir-feiern-den-global-omega-3-day\/"},"wordCount":6,"commentCount":0,"publisher":{"@id":"https:\/\/testa-omega3.com\/de\/#organization"},"image":{"@id":"https:\/\/testa-omega3.com\/de\/blog\/wir-feiern-den-global-omega-3-day\/#primaryimage"},"thumbnailUrl":"https:\/\/testa-omega3.com\/wp-content\/uploads\/2023\/03\/Global-Omega-3-Day-promo-code-banner.png","articleSection":["News"],"inLanguage":"de","potentialAction":[{"@type":"CommentAction","name":"Comment","target":["https:\/\/testa-omega3.com\/de\/blog\/wir-feiern-den-global-omega-3-day\/#respond"]}]},{"@type":"WebPage","@id":"https:\/\/testa-omega3.com\/de\/blog\/wir-feiern-den-global-omega-3-day\/","url":"https:\/\/testa-omega3.com\/de\/blog\/wir-feiern-den-global-omega-3-day\/","name":"Wir feiern den Global Omega-3 Day! - Testa","isPartOf":{"@id":"https:\/\/testa-omega3.com\/de\/#website"},"primaryImageOfPage":{"@id":"https:\/\/testa-omega3.com\/de\/blog\/wir-feiern-den-global-omega-3-day\/#primaryimage"},"image":{"@id":"https:\/\/testa-omega3.com\/de\/blog\/wir-feiern-den-global-omega-3-day\/#primaryimage"},"thumbnailUrl":"https:\/\/testa-omega3.com\/wp-content\/uploads\/2023\/03\/Global-Omega-3-Day-promo-code-banner.png","datePublished":"2023-03-02T12:01:34+00:00","dateModified":"2023-03-02T12:01:36+00:00","description":"Der 3. M\u00e4rz 2023 ist der Global Omega-3 Day\u00e2\u201e\u00a2, ein wichtiger j\u00e4hrlicher Meilenstein, um die Aufmerksamkeit auf die EPA- und DHA-Omega-3-Fetts\u00e4uren zu lenken.","breadcrumb":{"@id":"https:\/\/testa-omega3.com\/de\/blog\/wir-feiern-den-global-omega-3-day\/#breadcrumb"},"inLanguage":"de","potentialAction":[{"@type":"ReadAction","target":["https:\/\/testa-omega3.com\/de\/blog\/wir-feiern-den-global-omega-3-day\/"]}]},{"@type":"ImageObject","inLanguage":"de","@id":"https:\/\/testa-omega3.com\/de\/blog\/wir-feiern-den-global-omega-3-day\/#primaryimage","url":"https:\/\/testa-omega3.com\/wp-content\/uploads\/2023\/03\/Global-Omega-3-Day-promo-code-banner.png","contentUrl":"https:\/\/testa-omega3.com\/wp-content\/uploads\/2023\/03\/Global-Omega-3-Day-promo-code-banner.png","width":650,"height":325,"caption":"Global Omega-3 Day"},{"@type":"BreadcrumbList","@id":"https:\/\/testa-omega3.com\/de\/blog\/wir-feiern-den-global-omega-3-day\/#breadcrumb","itemListElement":[{"@type":"ListItem","position":1,"name":"Home","item":"https:\/\/testa-omega3.com\/de\/"},{"@type":"ListItem","position":2,"name":"Wir feiern den Global Omega-3 Day!"}]},{"@type":"WebSite","@id":"https:\/\/testa-omega3.com\/de\/#website","url":"https:\/\/testa-omega3.com\/de\/","name":"Testa","description":"Omega-3 Algenolie!","publisher":{"@id":"https:\/\/testa-omega3.com\/de\/#organization"},"potentialAction":[{"@type":"SearchAction","target":{"@type":"EntryPoint","urlTemplate":"https:\/\/testa-omega3.com\/de\/?s={search_term_string}"},"query-input":{"@type":"PropertyValueSpecification","valueRequired":true,"valueName":"search_term_string"}}],"inLanguage":"de"},{"@type":"Organization","@id":"https:\/\/testa-omega3.com\/de\/#organization","name":"Testa Omega-3","url":"https:\/\/testa-omega3.com\/de\/","logo":{"@type":"ImageObject","inLanguage":"de","@id":"https:\/\/testa-omega3.com\/de\/#\/schema\/logo\/image\/","url":"https:\/\/testa-omega3.com\/wp-content\/uploads\/2021\/10\/testa-logo1.png","contentUrl":"https:\/\/testa-omega3.com\/wp-content\/uploads\/2021\/10\/testa-logo1.png","width":121,"height":119,"caption":"Testa Omega-3"},"image":{"@id":"https:\/\/testa-omega3.com\/de\/#\/schema\/logo\/image\/"},"sameAs":["https:\/\/www.facebook.com\/TestaOmega3\/","https:\/\/x.com\/testaomega3","https:\/\/www.instagram.com\/testaomega3\/","https:\/\/linkedin.com\/company\/testa-omega-3"]},{"@type":"Person","@id":"https:\/\/testa-omega3.com\/de\/#\/schema\/person\/8be3703a2529a4cd64b24db9d7f9bffe","name":"Sander Groot","image":{"@type":"ImageObject","inLanguage":"de","@id":"https:\/\/testa-omega3.com\/de\/#\/schema\/person\/image\/","url":"https:\/\/secure.gravatar.com\/avatar\/c47250722e4768fc84e0bf5bdfc82c4c411cf08442b07da3f2477bd3a907e015?s=96&d=mm&r=g","contentUrl":"https:\/\/secure.gravatar.com\/avatar\/c47250722e4768fc84e0bf5bdfc82c4c411cf08442b07da3f2477bd3a907e015?s=96&d=mm&r=g","caption":"Sander Groot"},"url":"https:\/\/testa-omega3.com\/de\/blog\/author\/sander\/"}]}},"_links":{"self":[{"href":"https:\/\/testa-omega3.com\/de\/wp-json\/wp\/v2\/posts\/80534","targetHints":{"allow":["GET"]}}],"collection":[{"href":"https:\/\/testa-omega3.com\/de\/wp-json\/wp\/v2\/posts"}],"about":[{"href":"https:\/\/testa-omega3.com\/de\/wp-json\/wp\/v2\/types\/post"}],"author":[{"embeddable":true,"href":"https:\/\/testa-omega3.com\/de\/wp-json\/wp\/v2\/users\/24296"}],"replies":[{"embeddable":true,"href":"https:\/\/testa-omega3.com\/de\/wp-json\/wp\/v2\/comments?post=80534"}],"version-history":[{"count":0,"href":"https:\/\/testa-omega3.com\/de\/wp-json\/wp\/v2\/posts\/80534\/revisions"}],"wp:featuredmedia":[{"embeddable":true,"href":"https:\/\/testa-omega3.com\/de\/wp-json\/wp\/v2\/media\/80487"}],"wp:attachment":[{"href":"https:\/\/testa-omega3.com\/de\/wp-json\/wp\/v2\/media?parent=80534"}],"wp:term":[{"taxonomy":"category","embeddable":true,"href":"https:\/\/testa-omega3.com\/de\/wp-json\/wp\/v2\/categories?post=80534"},{"taxonomy":"post_tag","embeddable":true,"href":"https:\/\/testa-omega3.com\/de\/wp-json\/wp\/v2\/tags?post=80534"}],"curies":[{"name":"wp","href":"https:\/\/api.w.org\/{rel}","templated":true}]}}